{"id":1905,"date":"2024-10-02T18:03:39","date_gmt":"2024-10-02T18:03:39","guid":{"rendered":"http:\/\/jotg.ch\/jugendorchester-thurgau-08-09-2024-1700h-evang-kirche-weinfelden\/"},"modified":"2024-11-17T13:35:51","modified_gmt":"2024-11-17T13:35:51","slug":"thurgau-youth-orchestra-08-09-2024-1700h-evangelical-church-weinfelden","status":"publish","type":"post","link":"http:\/\/jotg.ch\/en\/thurgau-youth-orchestra-08-09-2024-1700h-evangelical-church-weinfelden\/","title":{"rendered":"Thurgau Youth Orchestra \u2013 08.09.2024 17:00h, Evangelical Church Weinfelden"},"content":{"rendered":"<h2><strong>Program:<\/strong><\/h2>\n<p> &nbsp;<\/p>\n<p class=\"concertBlock\"><strong>Edward Elgar<\/strong><\/p>\n<p class=\"concertBlock\">Cello Concerto in E minor op. 85<\/p>\n<p class=\"concertBlock\"><strong >Anton\u00edn Leopold Dvo\u0159\u00e1k<\/strong><\/p>\n<p class=\"concertBlock\">Symphony No. 7 in D minor op. 70<\/p>\n<p class=\"concertBlock\"><strong>Thurgau Youth Orchestra<\/ strong> <strong>Gabriel Estarellas Pascual<\/strong>, conductor <strong>Chiara Enderle Samatanga<\/strong>, cello<\/p>\n<p> &nbsp;<\/p>\n<p class=\"concertBlock\"><a href=\"https:\/\/jotg.ch\/\" target=\"_blank\" rel=\"noopener\">WEINFELDEN CHURCH<\/a><\/p>\n","protected":false},"excerpt":{"rendered":"<p>Program: &nbsp; Edward Elgar Cello Concerto in E minor op. 85 Anton\u00edn Leopold Dvo\u0159\u00e1k Symphony No&#8230;.<\/p>\n","protected":false},"author":1,"featured_media":1617,"comment_status":"closed","ping_status":"closed","sticky":false,"template":"","format":"standard","meta":{"footnotes":""},"categories":[24],"tags":[],"class_list":{"0":"post-1905","1":"post","2":"type-post","3":"status-publish","4":"format-standard","5":"has-post-thumbnail","7":"category-vergangene-veranstaltungen-en"},"aioseo_notices":[],"publishpress_future_action":{"enabled":false,"date":"0","action":"","terms":[],"taxonomy":""},"_links":{"self":[{"href":"http:\/\/jotg.ch\/en\/wp-json\/wp\/v2\/posts\/1905","targetHints":{"allow":["GET"]}}],"collection":[{"href":"http:\/\/jotg.ch\/en\/wp-json\/wp\/v2\/posts"}],"about":[{"href":"http:\/\/jotg.ch\/en\/wp-json\/wp\/v2\/types\/post"}],"author":[{"embeddable":true,"href":"http:\/\/jotg.ch\/en\/wp-json\/wp\/v2\/users\/1"}],"replies":[{"embeddable":true,"href":"http:\/\/jotg.ch\/en\/wp-json\/wp\/v2\/comments?post=1905"}],"version-history":[{"count":2,"href":"http:\/\/jotg.ch\/en\/wp-json\/wp\/v2\/posts\/1905\/revisions"}],"predecessor-version":[{"id":2011,"href":"http:\/\/jotg.ch\/en\/wp-json\/wp\/v2\/posts\/1905\/revisions\/2011"}],"wp:featuredmedia":[{"embeddable":true,"href":"http:\/\/jotg.ch\/en\/wp-json\/wp\/v2\/media\/1617"}],"wp:attachment":[{"href":"http:\/\/jotg.ch\/en\/wp-json\/wp\/v2\/media?parent=1905"}],"wp:term":[{"taxonomy":"category","embeddable":true,"href":"http:\/\/jotg.ch\/en\/wp-json\/wp\/v2\/categories?post=1905"},{"taxonomy":"post_tag","embeddable":true,"href":"http:\/\/jotg.ch\/en\/wp-json\/wp\/v2\/tags?post=1905"}],"curies":[{"name":"wp","href":"https:\/\/api.w.org\/{rel}","templated":true}]}}